{"id":9212,"date":"2024-12-05T15:16:58","date_gmt":"2024-12-05T14:16:58","guid":{"rendered":"https:\/\/ippez.pl\/?p=9212"},"modified":"2024-12-05T15:16:59","modified_gmt":"2024-12-05T14:16:59","slug":"civic-congress-of-senior-citizens-organisations-and-senior-leaders-invitations","status":"publish","type":"post","link":"https:\/\/ippez.pl\/en\/obywatelski-kongres-organizacji-seniorskich-i-liderow-senioralnych-zaproszemie\/","title":{"rendered":"Civic Congress of Senior Citizens' Organisations and Senior Leaders - invitation"},"content":{"rendered":"<p>On behalf of the organisers, we cordially invite you to take part in the\u00a0<strong>National Civic Congress of Senior Citizens' Organisations and Senior Leaders organised by MANKO - Senior Citizens' Voice Association in cooperation with AEH Senior Institute<\/strong>which will take place\u00a0<strong>10 December 2024<\/strong>\u00a0from 9 a.m. to 4 p.m. at the\u00a0<strong>Academy of Economics and Humanities in Warsaw<\/strong>.<\/p>\n\n\n\n<p>The congress is a unique event aimed at senior citizens' organisations, senior citizens' community leaders and all those interested in the subject of civic and social participation of seniors. During the meeting, we will address key issues related to the role of seniors in public life and opportunities for their involvement at local and national levels.<\/p>\n\n\n\n<p>The programme will include:<\/p>\n\n\n\n<ul class=\"wp-block-list\">\n<li><strong>Plenary sessions<\/strong>\u00a0with the participation of experts, representatives of senior citizens' organisations and public institutions,<\/li>\n\n\n\n<li><strong>Discussion panels<\/strong>\u00a0dedicated to the role of seniors in civil society,<\/li>\n\n\n\n<li><strong>Information stands<\/strong>where it will be possible to find out more about the services on offer from institutions supporting senior citizens.<\/li>\n<\/ul>\n\n\n\n<p>A coffee break and a hot meal are provided during the congress.<\/p>\n\n\n\n<p><strong>Registration is free of charge<\/strong>However, places are limited. Please register your participation by 30 November via the registration form available at the link:&nbsp;<a href=\"https:\/\/forms.gle\/MCRECJMBEfWEc1FA8\">https:\/\/forms.gle\/MCRECJMBEfWEc1FA8<\/a>. Registration continues until places are sold out.<\/p>\n\n\n\n<p>Contact for enrolment:<\/p>\n\n\n\n<p><strong>Agnieszka Nowak:&nbsp;<a href=\"mailto:kartaseniora@manko.pl\">kartaseniora@manko.pl<\/a>, 12 644 59 22<\/strong><\/p>\n\n\n\n<p><strong>Agnieszka Gressel:&nbsp;<a href=\"mailto:gps@manko.pl\">gps@manko.pl<\/a>, 12 644 59 22<\/strong><\/p>\n\n\n\n<p><strong>Aleksandra Dzik:&nbsp;<a href=\"mailto:gminaprzyjaznaseniorom@manko.pl\">gminaprzyjaznaseniorom@manko.pl<\/a>, 12 644 59 22<\/strong><\/p>\n\n\n\n<p><strong>You are cordially invited!<\/strong><\/p>","protected":false},"excerpt":{"rendered":"<p>W imieniu organizator\u00f3w serdecznie zapraszamy do udzia\u0142u w\u00a0Og\u00f3lnopolskim Obywatelskim Kongresie Organizacji Seniorskich i Lider\u00f3w Senioralnych organizowanym przez Stowarzyszenie MANKO \u2013 G\u0142os Seniora we wsp\u00f3\u0142pracy z Instytutem Senioralnym AEH, kt\u00f3ry odb\u0119dzie [&hellip;]<\/p>\n","protected":false},"author":11,"featured_media":9213,"comment_status":"closed","ping_status":"closed","sticky":false,"template":"","format":"standard","meta":{"_acf_changed":false,"_et_pb_use_builder":"","_et_pb_old_content":"","_et_gb_content_width":"","inline_featured_image":false,"footnotes":""},"categories":[1,426],"tags":[],"class_list":["post-9212","post","type-post","status-publish","format-standard","has-post-thumbnail","hentry","category-aktualnosci","category-instytut"],"acf":[],"yoast_head":"<!-- This site is optimized with the Yoast SEO plugin v27.5 - https:\/\/yoast.com\/product\/yoast-seo-wordpress\/ -->\n<title>Instytut Praw Pacjenta i Edukacji Zdrowotnej<\/title>\n<meta name=\"robots\" content=\"index, follow, max-snippet:-1, max-image-preview:large, max-video-preview:-1\" \/>\n<link rel=\"canonical\" href=\"https:\/\/ippez.pl\/en\/civic-congress-of-senior-citizens-organisations-and-senior-leaders-invitations\/\" \/>\n<meta property=\"og:locale\" content=\"en_GB\" \/>\n<meta property=\"og:type\" content=\"article\" \/>\n<meta property=\"og:title\" content=\"Obywatelski Kongres Organizacji Seniorskich i Lider\u00f3w Senioralnych - zaproszemie - Instytut Praw Pacjenta i Edukacji Zdrowotnej\" \/>\n<meta property=\"og:description\" content=\"W imieniu organizator\u00f3w serdecznie zapraszamy do udzia\u0142u w\u00a0Og\u00f3lnopolskim Obywatelskim Kongresie Organizacji Seniorskich i Lider\u00f3w Senioralnych organizowanym przez Stowarzyszenie MANKO \u2013 G\u0142os Seniora we wsp\u00f3\u0142pracy z Instytutem Senioralnym AEH, kt\u00f3ry odb\u0119dzie [&hellip;]\" \/>\n<meta property=\"og:url\" content=\"https:\/\/ippez.pl\/en\/civic-congress-of-senior-citizens-organisations-and-senior-leaders-invitations\/\" \/>\n<meta property=\"og:site_name\" content=\"Instytut Praw Pacjenta i Edukacji Zdrowotnej\" \/>\n<meta property=\"article:publisher\" content=\"https:\/\/www.facebook.com\/Instytutprawpacjenta\" \/>\n<meta property=\"article:published_time\" content=\"2024-12-05T14:16:58+00:00\" \/>\n<meta property=\"article:modified_time\" content=\"2024-12-05T14:16:59+00:00\" \/>\n<meta property=\"og:image\" content=\"https:\/\/ippez.pl\/wp-content\/uploads\/2024\/12\/Obywatelski-Kongres-Organizacji-i-Liderow-Senioralnych-636x900.png\" \/>\n\t<meta property=\"og:image:width\" content=\"636\" \/>\n\t<meta property=\"og:image:height\" content=\"900\" \/>\n\t<meta property=\"og:image:type\" content=\"image\/png\" \/>\n<meta name=\"author\" content=\"Anna Jaskanis\" \/>\n<meta name=\"twitter:card\" content=\"summary_large_image\" \/>\n<meta name=\"twitter:creator\" content=\"@Instytut_IPPEZ\" \/>\n<meta name=\"twitter:site\" content=\"@Instytut_IPPEZ\" \/>\n<script type=\"application\/ld+json\" class=\"yoast-schema-graph\">{\"@context\":\"https:\\\/\\\/schema.org\",\"@graph\":[{\"@type\":\"Article\",\"@id\":\"https:\\\/\\\/ippez.pl\\\/obywatelski-kongres-organizacji-seniorskich-i-liderow-senioralnych-zaproszemie\\\/#article\",\"isPartOf\":{\"@id\":\"https:\\\/\\\/ippez.pl\\\/obywatelski-kongres-organizacji-seniorskich-i-liderow-senioralnych-zaproszemie\\\/\"},\"author\":{\"name\":\"Anna Jaskanis\",\"@id\":\"https:\\\/\\\/ippez.pl\\\/#\\\/schema\\\/person\\\/1d42842f88e2a10066bf5437e3cb85b3\"},\"headline\":\"Obywatelski Kongres Organizacji Seniorskich i Lider\u00f3w Senioralnych &#8211; zaproszemie\",\"datePublished\":\"2024-12-05T14:16:58+00:00\",\"dateModified\":\"2024-12-05T14:16:59+00:00\",\"mainEntityOfPage\":{\"@id\":\"https:\\\/\\\/ippez.pl\\\/obywatelski-kongres-organizacji-seniorskich-i-liderow-senioralnych-zaproszemie\\\/\"},\"wordCount\":232,\"publisher\":{\"@id\":\"https:\\\/\\\/ippez.pl\\\/#organization\"},\"image\":{\"@id\":\"https:\\\/\\\/ippez.pl\\\/obywatelski-kongres-organizacji-seniorskich-i-liderow-senioralnych-zaproszemie\\\/#primaryimage\"},\"thumbnailUrl\":\"https:\\\/\\\/ippez.pl\\\/wp-content\\\/uploads\\\/2024\\\/12\\\/Obywatelski-Kongres-Organizacji-i-Liderow-Senioralnych.png\",\"articleSection\":[\"Aktualno\u015bci\",\"Instytut\"],\"inLanguage\":\"en-GB\"},{\"@type\":[\"WebPage\",\"MedicalWebPage\"],\"@id\":\"https:\\\/\\\/ippez.pl\\\/obywatelski-kongres-organizacji-seniorskich-i-liderow-senioralnych-zaproszemie\\\/\",\"url\":\"https:\\\/\\\/ippez.pl\\\/obywatelski-kongres-organizacji-seniorskich-i-liderow-senioralnych-zaproszemie\\\/\",\"name\":\"Obywatelski Kongres Organizacji Seniorskich i Lider\u00f3w Senioralnych - zaproszemie - Instytut Praw Pacjenta i Edukacji Zdrowotnej\",\"isPartOf\":{\"@id\":\"https:\\\/\\\/ippez.pl\\\/#website\"},\"primaryImageOfPage\":{\"@id\":\"https:\\\/\\\/ippez.pl\\\/obywatelski-kongres-organizacji-seniorskich-i-liderow-senioralnych-zaproszemie\\\/#primaryimage\"},\"image\":{\"@id\":\"https:\\\/\\\/ippez.pl\\\/obywatelski-kongres-organizacji-seniorskich-i-liderow-senioralnych-zaproszemie\\\/#primaryimage\"},\"thumbnailUrl\":\"https:\\\/\\\/ippez.pl\\\/wp-content\\\/uploads\\\/2024\\\/12\\\/Obywatelski-Kongres-Organizacji-i-Liderow-Senioralnych.png\",\"datePublished\":\"2024-12-05T14:16:58+00:00\",\"dateModified\":\"2024-12-05T14:16:59+00:00\",\"breadcrumb\":{\"@id\":\"https:\\\/\\\/ippez.pl\\\/obywatelski-kongres-organizacji-seniorskich-i-liderow-senioralnych-zaproszemie\\\/#breadcrumb\"},\"inLanguage\":\"en-GB\",\"potentialAction\":[{\"@type\":\"ReadAction\",\"target\":[\"https:\\\/\\\/ippez.pl\\\/obywatelski-kongres-organizacji-seniorskich-i-liderow-senioralnych-zaproszemie\\\/\"]}]},{\"@type\":\"ImageObject\",\"inLanguage\":\"en-GB\",\"@id\":\"https:\\\/\\\/ippez.pl\\\/obywatelski-kongres-organizacji-seniorskich-i-liderow-senioralnych-zaproszemie\\\/#primaryimage\",\"url\":\"https:\\\/\\\/ippez.pl\\\/wp-content\\\/uploads\\\/2024\\\/12\\\/Obywatelski-Kongres-Organizacji-i-Liderow-Senioralnych.png\",\"contentUrl\":\"https:\\\/\\\/ippez.pl\\\/wp-content\\\/uploads\\\/2024\\\/12\\\/Obywatelski-Kongres-Organizacji-i-Liderow-Senioralnych.png\",\"width\":1587,\"height\":2245},{\"@type\":\"BreadcrumbList\",\"@id\":\"https:\\\/\\\/ippez.pl\\\/obywatelski-kongres-organizacji-seniorskich-i-liderow-senioralnych-zaproszemie\\\/#breadcrumb\",\"itemListElement\":[{\"@type\":\"ListItem\",\"position\":1,\"name\":\"Strona g\u0142\u00f3wna\",\"item\":\"https:\\\/\\\/ippez.pl\\\/\"},{\"@type\":\"ListItem\",\"position\":2,\"name\":\"Aktualno\u015bci\",\"item\":\"https:\\\/\\\/ippez.pl\\\/aktualnosci\\\/\"},{\"@type\":\"ListItem\",\"position\":3,\"name\":\"Obywatelski Kongres Organizacji Seniorskich i Lider\u00f3w Senioralnych &#8211; zaproszemie\"}]},{\"@type\":\"WebSite\",\"@id\":\"https:\\\/\\\/ippez.pl\\\/#website\",\"url\":\"https:\\\/\\\/ippez.pl\\\/\",\"name\":\"Instytut Praw Pacjenta i Edukacji Zdrowotnej\",\"description\":\"Wspieramy rozwi\u0105zania systemowe ukierunkowane na popraw\u0119 sytuacji pacjent\u00f3w oraz oddzia\u0142ywanie na kszta\u0142towanie prozdrowotnych postaw Polak\u00f3w.\",\"publisher\":{\"@id\":\"https:\\\/\\\/ippez.pl\\\/#organization\"},\"potentialAction\":[{\"@type\":\"SearchAction\",\"target\":{\"@type\":\"EntryPoint\",\"urlTemplate\":\"https:\\\/\\\/ippez.pl\\\/?s={search_term_string}\"},\"query-input\":{\"@type\":\"PropertyValueSpecification\",\"valueRequired\":true,\"valueName\":\"search_term_string\"}}],\"inLanguage\":\"en-GB\"},{\"@type\":\"MedicalOrganization\",\"@id\":\"https:\\\/\\\/ippez.pl\\\/#organization\",\"name\":\"Instytut Praw Pacjenta i Edukacji Zdrowotnej\",\"url\":\"https:\\\/\\\/ippez.pl\\\/\",\"logo\":{\"@type\":\"ImageObject\",\"inLanguage\":\"en-GB\",\"@id\":\"https:\\\/\\\/ippez.pl\\\/#\\\/schema\\\/logo\\\/image\\\/\",\"url\":\"https:\\\/\\\/ippez.pl\\\/wp-content\\\/uploads\\\/2022\\\/12\\\/Logo-poziom.jpg\",\"contentUrl\":\"https:\\\/\\\/ippez.pl\\\/wp-content\\\/uploads\\\/2022\\\/12\\\/Logo-poziom.jpg\",\"width\":1200,\"height\":630,\"caption\":\"Instytut Praw Pacjenta i Edukacji Zdrowotnej\"},\"image\":{\"@id\":\"https:\\\/\\\/ippez.pl\\\/#\\\/schema\\\/logo\\\/image\\\/\"},\"sameAs\":[\"https:\\\/\\\/www.facebook.com\\\/Instytutprawpacjenta\",\"https:\\\/\\\/x.com\\\/Instytut_IPPEZ\",\"https:\\\/\\\/www.youtube.com\\\/@instytutPrawPacjenta\"]},{\"@type\":\"Person\",\"@id\":\"https:\\\/\\\/ippez.pl\\\/#\\\/schema\\\/person\\\/1d42842f88e2a10066bf5437e3cb85b3\",\"name\":\"Anna Jaskanis\",\"sameAs\":[\"https:\\\/\\\/ippez.pl\"]}]}<\/script>\n<!-- \/ Yoast SEO plugin. -->","yoast_head_json":{"title":"Institute for Patients' Rights and Health Education","robots":{"index":"index","follow":"follow","max-snippet":"max-snippet:-1","max-image-preview":"max-image-preview:large","max-video-preview":"max-video-preview:-1"},"canonical":"https:\/\/ippez.pl\/en\/civic-congress-of-senior-citizens-organisations-and-senior-leaders-invitations\/","og_locale":"en_GB","og_type":"article","og_title":"Obywatelski Kongres Organizacji Seniorskich i Lider\u00f3w Senioralnych - zaproszemie - Instytut Praw Pacjenta i Edukacji Zdrowotnej","og_description":"W imieniu organizator\u00f3w serdecznie zapraszamy do udzia\u0142u w\u00a0Og\u00f3lnopolskim Obywatelskim Kongresie Organizacji Seniorskich i Lider\u00f3w Senioralnych organizowanym przez Stowarzyszenie MANKO \u2013 G\u0142os Seniora we wsp\u00f3\u0142pracy z Instytutem Senioralnym AEH, kt\u00f3ry odb\u0119dzie [&hellip;]","og_url":"https:\/\/ippez.pl\/en\/civic-congress-of-senior-citizens-organisations-and-senior-leaders-invitations\/","og_site_name":"Instytut Praw Pacjenta i Edukacji Zdrowotnej","article_publisher":"https:\/\/www.facebook.com\/Instytutprawpacjenta","article_published_time":"2024-12-05T14:16:58+00:00","article_modified_time":"2024-12-05T14:16:59+00:00","og_image":[{"width":636,"height":900,"url":"https:\/\/ippez.pl\/wp-content\/uploads\/2024\/12\/Obywatelski-Kongres-Organizacji-i-Liderow-Senioralnych-636x900.png","type":"image\/png"}],"author":"Anna Jaskanis","twitter_card":"summary_large_image","twitter_creator":"@Instytut_IPPEZ","twitter_site":"@Instytut_IPPEZ","schema":{"@context":"https:\/\/schema.org","@graph":[{"@type":"Article","@id":"https:\/\/ippez.pl\/obywatelski-kongres-organizacji-seniorskich-i-liderow-senioralnych-zaproszemie\/#article","isPartOf":{"@id":"https:\/\/ippez.pl\/obywatelski-kongres-organizacji-seniorskich-i-liderow-senioralnych-zaproszemie\/"},"author":{"name":"Anna Jaskanis","@id":"https:\/\/ippez.pl\/#\/schema\/person\/1d42842f88e2a10066bf5437e3cb85b3"},"headline":"Obywatelski Kongres Organizacji Seniorskich i Lider\u00f3w Senioralnych &#8211; zaproszemie","datePublished":"2024-12-05T14:16:58+00:00","dateModified":"2024-12-05T14:16:59+00:00","mainEntityOfPage":{"@id":"https:\/\/ippez.pl\/obywatelski-kongres-organizacji-seniorskich-i-liderow-senioralnych-zaproszemie\/"},"wordCount":232,"publisher":{"@id":"https:\/\/ippez.pl\/#organization"},"image":{"@id":"https:\/\/ippez.pl\/obywatelski-kongres-organizacji-seniorskich-i-liderow-senioralnych-zaproszemie\/#primaryimage"},"thumbnailUrl":"https:\/\/ippez.pl\/wp-content\/uploads\/2024\/12\/Obywatelski-Kongres-Organizacji-i-Liderow-Senioralnych.png","articleSection":["Aktualno\u015bci","Instytut"],"inLanguage":"en-GB"},{"@type":["WebPage","MedicalWebPage"],"@id":"https:\/\/ippez.pl\/obywatelski-kongres-organizacji-seniorskich-i-liderow-senioralnych-zaproszemie\/","url":"https:\/\/ippez.pl\/obywatelski-kongres-organizacji-seniorskich-i-liderow-senioralnych-zaproszemie\/","name":"Civic Congress of Senior Organisations and Senior Leaders - Invitation - Institute for Patients' Rights and Health Education","isPartOf":{"@id":"https:\/\/ippez.pl\/#website"},"primaryImageOfPage":{"@id":"https:\/\/ippez.pl\/obywatelski-kongres-organizacji-seniorskich-i-liderow-senioralnych-zaproszemie\/#primaryimage"},"image":{"@id":"https:\/\/ippez.pl\/obywatelski-kongres-organizacji-seniorskich-i-liderow-senioralnych-zaproszemie\/#primaryimage"},"thumbnailUrl":"https:\/\/ippez.pl\/wp-content\/uploads\/2024\/12\/Obywatelski-Kongres-Organizacji-i-Liderow-Senioralnych.png","datePublished":"2024-12-05T14:16:58+00:00","dateModified":"2024-12-05T14:16:59+00:00","breadcrumb":{"@id":"https:\/\/ippez.pl\/obywatelski-kongres-organizacji-seniorskich-i-liderow-senioralnych-zaproszemie\/#breadcrumb"},"inLanguage":"en-GB","potentialAction":[{"@type":"ReadAction","target":["https:\/\/ippez.pl\/obywatelski-kongres-organizacji-seniorskich-i-liderow-senioralnych-zaproszemie\/"]}]},{"@type":"ImageObject","inLanguage":"en-GB","@id":"https:\/\/ippez.pl\/obywatelski-kongres-organizacji-seniorskich-i-liderow-senioralnych-zaproszemie\/#primaryimage","url":"https:\/\/ippez.pl\/wp-content\/uploads\/2024\/12\/Obywatelski-Kongres-Organizacji-i-Liderow-Senioralnych.png","contentUrl":"https:\/\/ippez.pl\/wp-content\/uploads\/2024\/12\/Obywatelski-Kongres-Organizacji-i-Liderow-Senioralnych.png","width":1587,"height":2245},{"@type":"BreadcrumbList","@id":"https:\/\/ippez.pl\/obywatelski-kongres-organizacji-seniorskich-i-liderow-senioralnych-zaproszemie\/#breadcrumb","itemListElement":[{"@type":"ListItem","position":1,"name":"Strona g\u0142\u00f3wna","item":"https:\/\/ippez.pl\/"},{"@type":"ListItem","position":2,"name":"Aktualno\u015bci","item":"https:\/\/ippez.pl\/aktualnosci\/"},{"@type":"ListItem","position":3,"name":"Obywatelski Kongres Organizacji Seniorskich i Lider\u00f3w Senioralnych &#8211; zaproszemie"}]},{"@type":"WebSite","@id":"https:\/\/ippez.pl\/#website","url":"https:\/\/ippez.pl\/","name":"Institute for Patients' Rights and Health Education","description":"We support systemic solutions aimed at improving the situation of patients and influencing the development of health-seeking attitudes among Poles.","publisher":{"@id":"https:\/\/ippez.pl\/#organization"},"potentialAction":[{"@type":"SearchAction","target":{"@type":"EntryPoint","urlTemplate":"https:\/\/ippez.pl\/?s={search_term_string}"},"query-input":{"@type":"PropertyValueSpecification","valueRequired":true,"valueName":"search_term_string"}}],"inLanguage":"en-GB"},{"@type":"MedicalOrganization","@id":"https:\/\/ippez.pl\/#organization","name":"Institute for Patients' Rights and Health Education","url":"https:\/\/ippez.pl\/","logo":{"@type":"ImageObject","inLanguage":"en-GB","@id":"https:\/\/ippez.pl\/#\/schema\/logo\/image\/","url":"https:\/\/ippez.pl\/wp-content\/uploads\/2022\/12\/Logo-poziom.jpg","contentUrl":"https:\/\/ippez.pl\/wp-content\/uploads\/2022\/12\/Logo-poziom.jpg","width":1200,"height":630,"caption":"Instytut Praw Pacjenta i Edukacji Zdrowotnej"},"image":{"@id":"https:\/\/ippez.pl\/#\/schema\/logo\/image\/"},"sameAs":["https:\/\/www.facebook.com\/Instytutprawpacjenta","https:\/\/x.com\/Instytut_IPPEZ","https:\/\/www.youtube.com\/@instytutPrawPacjenta"]},{"@type":"Person","@id":"https:\/\/ippez.pl\/#\/schema\/person\/1d42842f88e2a10066bf5437e3cb85b3","name":"Anna Jaskanis","sameAs":["https:\/\/ippez.pl"]}]}},"_links":{"self":[{"href":"https:\/\/ippez.pl\/en\/wp-json\/wp\/v2\/posts\/9212","targetHints":{"allow":["GET"]}}],"collection":[{"href":"https:\/\/ippez.pl\/en\/wp-json\/wp\/v2\/posts"}],"about":[{"href":"https:\/\/ippez.pl\/en\/wp-json\/wp\/v2\/types\/post"}],"author":[{"embeddable":true,"href":"https:\/\/ippez.pl\/en\/wp-json\/wp\/v2\/users\/11"}],"replies":[{"embeddable":true,"href":"https:\/\/ippez.pl\/en\/wp-json\/wp\/v2\/comments?post=9212"}],"version-history":[{"count":1,"href":"https:\/\/ippez.pl\/en\/wp-json\/wp\/v2\/posts\/9212\/revisions"}],"predecessor-version":[{"id":9214,"href":"https:\/\/ippez.pl\/en\/wp-json\/wp\/v2\/posts\/9212\/revisions\/9214"}],"wp:featuredmedia":[{"embeddable":true,"href":"https:\/\/ippez.pl\/en\/wp-json\/wp\/v2\/media\/9213"}],"wp:attachment":[{"href":"https:\/\/ippez.pl\/en\/wp-json\/wp\/v2\/media?parent=9212"}],"wp:term":[{"taxonomy":"category","embeddable":true,"href":"https:\/\/ippez.pl\/en\/wp-json\/wp\/v2\/categories?post=9212"},{"taxonomy":"post_tag","embeddable":true,"href":"https:\/\/ippez.pl\/en\/wp-json\/wp\/v2\/tags?post=9212"}],"curies":[{"name":"wp","href":"https:\/\/api.w.org\/{rel}","templated":true}]}}